{"id":897,"date":"2013-11-18T11:56:12","date_gmt":"2013-11-18T11:56:12","guid":{"rendered":"http:\/\/www.encontradivinopolis.com.br\/noticias\/?p=897"},"modified":"2013-11-18T11:56:12","modified_gmt":"2013-11-18T11:56:12","slug":"diabetes-e-novembro-azul-tem-programacao-especial-em-divinopolis","status":"publish","type":"post","link":"https:\/\/www.encontradivinopolis.com.br\/noticias\/diabetes-e-novembro-azul-tem-programacao-especial-em-divinopolis\/","title":{"rendered":"Diabetes e Novembro Azul t\u00eam programa\u00e7\u00e3o especial em Divin\u00f3polis"},"content":{"rendered":"<p>A <a title=\"Prefeitura de Divin\u00f3polis\" href=\"http:\/\/www.encontradivinopolis.com.br\/divinopolis\/prefeitura-municipal-de-divinopolis.shtml\" target=\"_blank\">Prefeitura de Divin\u00f3polis<\/a>, atrav\u00e9s da Unidade de Sa\u00fade do bairro Na\u00e7\u00f5es, promover\u00e1 durante todo o m\u00eas de novembro a\u00e7\u00f5es para lembrar o Dia Mundial de Combate a Diabetes e C\u00e2ncer de Pr\u00f3stata.<\/p>\n<p>Neste per\u00edodo, uma s\u00e9rie de atividades ser\u00e1 realizada nesta unidade de sa\u00fade com o objetivo de alertar a popula\u00e7\u00e3o para o impacto da doen\u00e7a e promover o diagn\u00f3stico precoce, al\u00e9m de orientar sobre a preven\u00e7\u00e3o e tratamento. As a\u00e7\u00f5es ser\u00e3o oferecidas gratuitamente \u00e0 comunidade.<\/p>\n<p>Na pr\u00f3xima ter\u00e1-feira (19\/11) no mesmo hor\u00e1rio, Rosana Alves, apoio t\u00e9cnico de hipertens\u00e3o e diabetes da Secretaria de Sa\u00fade ir\u00e1 palestrar sobre o Centro Viva Vida. Na quarta-feira (2011) cuidados com a diabetes estar\u00e1 em pauta. O palestrante \u00e9 o cl\u00ednico geral, Bernardo Figueiredo.<\/p>\n<p>A enfermeira, Elina Rosa Coelho ir\u00e1 ministrar no dia 21\/11 (quinta-feira) sobre \u201cDiab\u00e9ticos Descompensados\u201d.<\/p>\n<p>A programa\u00e7\u00e3o encerra no dia 22\/11 (sexta-feira) com a Odontologa, J\u00e9ssica Moura que ir\u00e1 palestrar sobre Cuidados Bucais.<\/p>\n<p>A Unidade de Sa\u00fade do bairro Na\u00e7\u00f5es fica localizada na rua Bol\u00edvia 751.<\/p>\n","protected":false},"excerpt":{"rendered":"<p>A Prefeitura de Divin\u00f3polis, atrav\u00e9s da Unidade de Sa\u00fade do bairro Na\u00e7\u00f5es, promover\u00e1 durante todo o m\u00eas de novembro a\u00e7\u00f5es para lembrar o Dia Mundial de Combate a Diabetes e C\u00e2ncer de Pr\u00f3stata. Neste per\u00edodo, uma s\u00e9rie de atividades ser\u00e1 realizada nesta unidade de sa\u00fade com o objetivo de alertar a popula\u00e7\u00e3o para o impacto [&hellip;]<\/p>\n","protected":false},"author":1,"featured_media":0,"comment_status":"open","ping_status":"open","sticky":false,"template":"","format":"standard","meta":{"footnotes":""},"categories":[6],"tags":[],"class_list":["post-897","post","type-post","status-publish","format-standard","hentry","category-noticias"],"_links":{"self":[{"href":"https:\/\/www.encontradivinopolis.com.br\/noticias\/wp-json\/wp\/v2\/posts\/897","targetHints":{"allow":["GET"]}}],"collection":[{"href":"https:\/\/www.encontradivinopolis.com.br\/noticias\/wp-json\/wp\/v2\/posts"}],"about":[{"href":"https:\/\/www.encontradivinopolis.com.br\/noticias\/wp-json\/wp\/v2\/types\/post"}],"author":[{"embeddable":true,"href":"https:\/\/www.encontradivinopolis.com.br\/noticias\/wp-json\/wp\/v2\/users\/1"}],"replies":[{"embeddable":true,"href":"https:\/\/www.encontradivinopolis.com.br\/noticias\/wp-json\/wp\/v2\/comments?post=897"}],"version-history":[{"count":1,"href":"https:\/\/www.encontradivinopolis.com.br\/noticias\/wp-json\/wp\/v2\/posts\/897\/revisions"}],"predecessor-version":[{"id":898,"href":"https:\/\/www.encontradivinopolis.com.br\/noticias\/wp-json\/wp\/v2\/posts\/897\/revisions\/898"}],"wp:attachment":[{"href":"https:\/\/www.encontradivinopolis.com.br\/noticias\/wp-json\/wp\/v2\/media?parent=897"}],"wp:term":[{"taxonomy":"category","embeddable":true,"href":"https:\/\/www.encontradivinopolis.com.br\/noticias\/wp-json\/wp\/v2\/categories?post=897"},{"taxonomy":"post_tag","embeddable":true,"href":"https:\/\/www.encontradivinopolis.com.br\/noticias\/wp-json\/wp\/v2\/tags?post=897"}],"curies":[{"name":"wp","href":"https:\/\/api.w.org\/{rel}","templated":true}]}}