{"id":883,"date":"2013-10-02T13:13:11","date_gmt":"2013-10-02T13:13:11","guid":{"rendered":"http:\/\/www.encontradivinopolis.com.br\/noticias\/?p=883"},"modified":"2013-10-02T13:13:11","modified_gmt":"2013-10-02T13:13:11","slug":"exposicao-em-divinopolis-comemora-semana-mundial-do-aleitamento-materno","status":"publish","type":"post","link":"https:\/\/www.encontradivinopolis.com.br\/noticias\/exposicao-em-divinopolis-comemora-semana-mundial-do-aleitamento-materno\/","title":{"rendered":"Exposi\u00e7\u00e3o em Divin\u00f3polis comemora Semana Mundial do Aleitamento Materno"},"content":{"rendered":"<p>O leite materno \u00e9 o alimento mais completo e equilibrado que a crian\u00e7a deve receber at\u00e9 os seis meses de vida, para refor\u00e7ar a import\u00e2ncia desse ato a Prefeitura de Divin\u00f3polis, atrav\u00e9s da Secretaria Municipal de Sa\u00fade (Semusa), promove exposi\u00e7\u00e3o de p\u00f4steres em alus\u00e3o a Semana Mundial da Amamenta\u00e7\u00e3o.<\/p>\n<p>A mostra se estende at\u00e9 sexta-feira (04\/10) no sagu\u00e3o da Semusa, que est\u00e1 localizada na rua Minas Gerais, 900 &#8211; Centro. No s\u00e1bado (05\/10) a exposi\u00e7\u00e3o ser\u00e1 realizada na Pra\u00e7a Candid\u00e9s de 7h \u00e0s 13h fazendo parte do projeto \u2018Integra\u00e7\u00e3o nos Bairros\u2019.<\/p>\n<p>De acordo com In\u00eas Alcione Guimar\u00e3es, da equipe de apoio da diretoria de Aten\u00e7\u00e3o \u00e0 Sa\u00fade, o tema da exposi\u00e7\u00e3o acompanha o que foi proposto pelo Minist\u00e9rio da Sa\u00fade na Semana Mundial de Amamenta\u00e7\u00e3o lan\u00e7ada no dia 1\u00ba de agosto de 2013. \u201cA proposta \u00e9 incentivar a participa\u00e7\u00e3o do profissional de sa\u00fade a apoiar a m\u00e3e, o beb\u00ea e a fam\u00edlia durante a amamenta\u00e7\u00e3o. Nesse sentido, convidamos v\u00e1rias profissionais da sa\u00fade do munic\u00edpio, enfermeiras, cirurgi\u00e3 dentista e auxiliar em sa\u00fade bucal para dar depoimento sobre a experi\u00eancia da amamenta\u00e7\u00e3o\u201d, explica.<\/p>\n<p>Os p\u00f4steres contem fotos de protagonistas reais do processo de amamenta\u00e7\u00e3o que s\u00e3o, tamb\u00e9m, profissionais de sa\u00fade. \u201cAcreditamos que a partir do momento em que se vive uma experi\u00eancia \u00e9 mais f\u00e1cil auxiliar o outro a viver a mesma experi\u00eancia, pois o melhor ensinamento \u00e9 o exemplo\u201d, ressalta In\u00eas.<\/p>\n<p>In\u00eas Alcione destaca o p\u00f4ster de Carolina Fernandez Ferreira de Castro e Ana Ferreira de Castro, filha e neta da assistente social, Madalena Amaral, que representa as m\u00e3es de crian\u00e7as especiais. \u201cAna, hoje com quatro meses, \u00e9 portadora de mielomeningocele, uma malforma\u00e7\u00e3o cong\u00eanita da coluna vertebral, que \u00e9 o \u201ctronco\u201d de liga\u00e7\u00e3o entre o c\u00e9rebro e os nervos perif\u00e9ricos do corpo humano. Carol retrata muito bem a experi\u00eancia que viveu e disse que foi muito dif\u00edcil, pois n\u00e3o tinha leite, n\u00e3o tinha estimulo. Ela n\u00e3o respirava sozinha, mas tinha for\u00e7a de vontade para que isso acontecesse e hoje ela diz com todo o orgulho do mundo que ela mama leite materno exclusivo em livre demanda,\u201d conta.<\/p>\n<p>As Unidades de Sa\u00fade do munic\u00edpio tem como rotina a\u00e7\u00f5es individuais e coletivas de incentivo ao aleitamento materno. \u201cApesar de todos os esfor\u00e7os, o \u00edndice de aleitamento materno exclusivo at\u00e9 seis meses de idade \u00e9 baixo, estando em torno de 50%. Esse \u00edndice \u00e9 calculado de acordo com o n\u00famero de puericulturas realizadas com crian\u00e7as at\u00e9 seis meses de idade.<\/p>\n<p>De forma, esta a\u00e7\u00e3o visa contribuir com trabalho que j\u00e1 \u00e9 realizado, incentivando a amamenta\u00e7\u00e3o que \u00e9 de extrema import\u00e2ncia para o beb\u00ea, a m\u00e3e e a fam\u00edlia pelo fato de trazer benef\u00edcios a tr\u00edade bebe\/m\u00e3e\/fam\u00edlia, no presente e no futuro. As crian\u00e7as amamentadas no peito s\u00e3o mais saud\u00e1veis, mais tranq\u00fcilas e mais felizes e ser\u00e3o adultos saud\u00e1veis\u201d, finaliza In\u00eas Alcione.<\/p>\n","protected":false},"excerpt":{"rendered":"<p>O leite materno \u00e9 o alimento mais completo e equilibrado que a crian\u00e7a deve receber at\u00e9 os seis meses de vida, para refor\u00e7ar a import\u00e2ncia desse ato a Prefeitura de Divin\u00f3polis, atrav\u00e9s da Secretaria Municipal de Sa\u00fade (Semusa), promove exposi\u00e7\u00e3o de p\u00f4steres em alus\u00e3o a Semana Mundial da Amamenta\u00e7\u00e3o. A mostra se estende at\u00e9 sexta-feira [&hellip;]<\/p>\n","protected":false},"author":1,"featured_media":0,"comment_status":"open","ping_status":"open","sticky":false,"template":"","format":"standard","meta":{"footnotes":""},"categories":[6],"tags":[],"class_list":["post-883","post","type-post","status-publish","format-standard","hentry","category-noticias"],"_links":{"self":[{"href":"https:\/\/www.encontradivinopolis.com.br\/noticias\/wp-json\/wp\/v2\/posts\/883","targetHints":{"allow":["GET"]}}],"collection":[{"href":"https:\/\/www.encontradivinopolis.com.br\/noticias\/wp-json\/wp\/v2\/posts"}],"about":[{"href":"https:\/\/www.encontradivinopolis.com.br\/noticias\/wp-json\/wp\/v2\/types\/post"}],"author":[{"embeddable":true,"href":"https:\/\/www.encontradivinopolis.com.br\/noticias\/wp-json\/wp\/v2\/users\/1"}],"replies":[{"embeddable":true,"href":"https:\/\/www.encontradivinopolis.com.br\/noticias\/wp-json\/wp\/v2\/comments?post=883"}],"version-history":[{"count":1,"href":"https:\/\/www.encontradivinopolis.com.br\/noticias\/wp-json\/wp\/v2\/posts\/883\/revisions"}],"predecessor-version":[{"id":884,"href":"https:\/\/www.encontradivinopolis.com.br\/noticias\/wp-json\/wp\/v2\/posts\/883\/revisions\/884"}],"wp:attachment":[{"href":"https:\/\/www.encontradivinopolis.com.br\/noticias\/wp-json\/wp\/v2\/media?parent=883"}],"wp:term":[{"taxonomy":"category","embeddable":true,"href":"https:\/\/www.encontradivinopolis.com.br\/noticias\/wp-json\/wp\/v2\/categories?post=883"},{"taxonomy":"post_tag","embeddable":true,"href":"https:\/\/www.encontradivinopolis.com.br\/noticias\/wp-json\/wp\/v2\/tags?post=883"}],"curies":[{"name":"wp","href":"https:\/\/api.w.org\/{rel}","templated":true}]}}