{"id":877,"date":"2013-09-12T12:12:52","date_gmt":"2013-09-12T12:12:52","guid":{"rendered":"http:\/\/www.encontradivinopolis.com.br\/noticias\/?p=877"},"modified":"2013-09-12T12:12:52","modified_gmt":"2013-09-12T12:12:52","slug":"divinopolis-comemora-a-semana-nacional-de-transito","status":"publish","type":"post","link":"https:\/\/www.encontradivinopolis.com.br\/noticias\/divinopolis-comemora-a-semana-nacional-de-transito\/","title":{"rendered":"Divin\u00f3polis comemora a Semana Nacional de Tr\u00e2nsito"},"content":{"rendered":"<p>A Prefeitura de Divin\u00f3polis comemora a Semana Nacional de Tr\u00e2nsito, de 18 a 25 de setembro, com o in\u00edcio de importantes investimentos de revitaliza\u00e7\u00e3o na \u00e1rea de tr\u00e2nsito e transporte. A partir desta semana, tem in\u00edcio a execu\u00e7\u00e3o de diversas obras, a\u00e7\u00f5es e servi\u00e7os de revitaliza\u00e7\u00e3o do sistema vi\u00e1rio, conforme anunciado pelo prefeito Vladimir Azevedo. No pacote, est\u00e3o previstas a manuten\u00e7\u00e3o de rotat\u00f3rias na regi\u00e3o central e adjac\u00eancias, implanta\u00e7\u00e3o de novos sem\u00e1foros, revitaliza\u00e7\u00e3o da pintura estatigr\u00e1fica, sinaliza\u00e7\u00e3o em \u00e1reas escolares e manuten\u00e7\u00e3o ou implanta\u00e7\u00e3o de abrigo de \u00f4nibus em v\u00e1rios bairros.<\/p>\n<p>Nesta sexta-feira (13\/09), a Secretaria de Tr\u00e2nsito e Transporte (Settrans) d\u00e1 inicio \u00e0 implanta\u00e7\u00e3o do sem\u00e1foro da Rua Pernambuco com Avenida 21 de Abril. A interven\u00e7\u00e3o est\u00e1 prevista para o per\u00edodo da manh\u00e3. Ainda neste m\u00eas de setembro, ser\u00e3o instalados 23 abrigos de \u00f4nibus em diversos bairros.<\/p>\n<p>Outra a\u00e7\u00e3o importante anunciada pelo prefeito \u00e9 a Integra\u00e7\u00e3o Custo Zero aos domingos e feriados, j\u00e1 est\u00e1 em vigor. Os usu\u00e1rios do cart\u00e3o Divipass t\u00eam o direito de realizar duas viagens com um passe do coletivo urbano. Quem utilizou o transporte coletivo no \u00faltimo feriado, dia 7 de setembro, conseguiu a gratuidade no segundo deslocamento. O tempo para obten\u00e7\u00e3o do benef\u00edcio \u00e9 de 30 minutos, entre o desembarque no primeiro \u00f4nibus e o embarque no segundo.<\/p>\n<p>* Abaixo, segue a lista atualizada das a\u00e7\u00f5es de cunho priorit\u00e1rio, estabelecidas no pacote de revitaliza\u00e7\u00e3o do sistema vi\u00e1rio de Divin\u00f3polis:<\/p>\n<p>&#8211; Implanta\u00e7\u00e3o de sem\u00e1foro na Rua Goi\u00e1s com Rua Itamb\u00e9;<\/p>\n<p>&#8211; Manuten\u00e7\u00e3o de rotat\u00f3rias da regi\u00e3o central e adjac\u00eancias, tais como:<br \/>\nRua Mato Grosso com Rua Rio de Janeiro;<br \/>\nRua Sergipe com Av. Paran\u00e1;<br \/>\nRua Esp\u00edrito Santo com Rua Sergipe;<br \/>\nRua Sergipe com Rua Amazonas;<br \/>\nRua Sergipe com Rua Mato Grosso;<br \/>\nRua Sergipe com Rua Bahia;<br \/>\nRua Sergipe com Rua Rio Grande do Sul;<br \/>\nRua Sergipe com Av. 7 de Setembro;<br \/>\nRua Sergipe com Av. 21 de Abril;<br \/>\nAv. Paran\u00e1 com Rua Minas Gerais;<br \/>\nRua Minas Gerais com Rua Mato Grosso;<br \/>\nAv. 7 de Setembro com Rua Cel. Jo\u00e3o Notini;<br \/>\nAv. 7 de Setembro com Rua Para\u00edba;<br \/>\nRua Itamarandiba com Rua Rio Grande do Sul;<br \/>\nRua Merc\u00fario com Rua Orion.<\/p>\n<p>&#8211; Implanta\u00e7\u00e3o de novas rotat\u00f3rias, como segue:<br \/>\nAv. Paran\u00e1 com Rua S\u00e3o Paulo;<br \/>\nRua Guap\u00e9 com Rua Jos\u00e9 de Alencar;<\/p>\n<p>&#8211; Revitaliza\u00e7\u00e3o das pinturas de \u201cPARE\u201d e travessias de pedestres, tais como:<br \/>\nRua Osvaldo Machado Gontijo com Rua Para\u00edba;<br \/>\nRua Osvaldo Machado Gontijo com Rua Cel. Jo\u00e3o Notini;<br \/>\nRua Osvaldo Machado Gontijo com Rua Itapecerica;<br \/>\nAv. Governador Magalh\u00e3es Pinto, entre Rua Ouro Fino e Ponte Padre Lib\u00e9rio;<br \/>\nRua Francisco Carvalho\/Rubi\/Ouro Fino entre Ponte Padre Lib\u00e9rio e Av. Governador Magalh\u00e3es Pinto;<br \/>\nRua Mato Grosso entre Rua Sergipe e Av. Divino Esp\u00edrito Santo;<\/p>\n<p>&#8211; Implanta\u00e7\u00e3o de sinaliza\u00e7\u00e3o em \u00e1rea escolar conforme projeto desenvolvido em parceria com a Escola Eng\u00ba. Pedro Magalh\u00e3es &#8211; Bairro Esplanada.<br \/>\n&#8211; Implanta\u00e7\u00e3o de sinaliza\u00e7\u00e3o vertical e horizontal &#8211; Rua Jos\u00e9 de Alencar entre Rua Costa e Silva e Frutal, Bairro Belvedere;<br \/>\n&#8211; Implanta\u00e7\u00e3o de sinaliza\u00e7\u00e3o vertical e horizontal \u2013 Av. Bras\u00edlia entre Rua Jos\u00e9 Alencar e Rua Castro Alves, Bairro Belvedere;<br \/>\n&#8211; Implanta\u00e7\u00e3o de sinaliza\u00e7\u00e3o vertical e horizontal &#8211; Rua Bom Sucesso\/Av. M\u00e9xico, Bairro Interlagos\/Vale do Sol;<br \/>\n&#8211; Implanta\u00e7\u00e3o de sinaliza\u00e7\u00e3o vertical e horizontal (pintura de \u201cPARE\u201d e reten\u00e7\u00e3o, travessia de pedestre) onde houver asfaltamento novo no bairro Afonso Pena \u2013 Rua S\u00e3o Rom\u00e3o e Nova Serrana;<br \/>\n&#8211; Implanta\u00e7\u00e3o de sinaliza\u00e7\u00e3o vertical e horizontal \u2013 Av. Gabriel Passos entre Rua Goi\u00e1s e Rua Bom Sucesso, Bairro Porto Velho\/Interlagos;<\/p>\n<p>&#8211; Revitaliza\u00e7\u00e3o das pinturas de eixo (divisor de fluxo) nos corredores vi\u00e1rios, como:<br \/>\nRua Castro Alves\/Esp\u00edrito Santo, principalmente no viaduto Vereador Sgt\u00ba. Geraldo;<br \/>\nRua Paran\u00e1 entre Rua Minas Gerais e Parque de exposi\u00e7\u00e3o;<br \/>\nAv. Autorama;<br \/>\nRua Rio de Janeiro entre Get\u00falio Vargas e Av. Paran\u00e1;<br \/>\nRua Minas Gerais entre Rua Par\u00e1 e Av. Get\u00falio Vargas;<br \/>\nAv. Ant\u00f4nio Neto &#8211; Bairro Manoel Valinhas\/Danilo Passos;<br \/>\nAv. Sete de Setembro\/Rua S\u00e3o Sebasti\u00e3o &#8211; Bairro Afonso Pena;<br \/>\nRua Mato Grosso entre Rua Sergipe e Rua Dez de Julho;<br \/>\nAv. JK, entre Anel Rodovi\u00e1rio e Rotat\u00f3ria pra\u00e7a Catedral;<br \/>\nRua Bom Sucesso entre Rua Dolores de Aguiar Rabelo e Rua Peru;<br \/>\nRua Itapecerica entre Pra\u00e7a Candid\u00e9s e Av. 1\u00ba de Junho;<br \/>\nRua Cel. Jo\u00e3o Notini\/Dr\u00ba Ribeiro Pena entre Av. Get\u00falio Vargas e Pra\u00e7a Candid\u00e9s.<\/p>\n<p>&#8211; Implanta\u00e7\u00e3o de Ondula\u00e7\u00e3o Transversal TIPO II \u201cQuebra-Mola\u201d: Rua Mato Grosso entre Rua Rio de Janeiro e Rua Serra do Cristal (2 unidades) e na Av. Ayrton Sena, pr\u00f3ximo Rua Rond\u00f4nia (1 unidade).<\/p>\n<p>&#8211; Pontos para instala\u00e7\u00e3o de abrigos, como seguem:<br \/>\n\u2022 01 &#8211; Av. Paran\u00e1, 1208 \u2013 bairro S\u00e3o Jos\u00e9<br \/>\n\u2022 02 &#8211; Av. Paran\u00e1, 3271 \u2013 bairro Belvedere ll<br \/>\n\u2022 03 &#8211; Av. Amazonas, 132 &#8211; bairro S\u00e3o Jos\u00e9 &#8211; Escola Halim Souki<br \/>\n\u2022 04 &#8211; Av. Amazonas, 1135 \u2013 bairro S\u00e3o Jos\u00e9<br \/>\n\u2022 05 &#8211; Av. Amazonas, 1305 \u2013 bairro S\u00e3o Jos\u00e9<br \/>\n\u2022 06 &#8211; Rua Niquelina, 691 \u2013 bairro S\u00e3o Luiz<br \/>\n\u2022 07 &#8211; Rua Bonsucesso (Super BH) \u2013 bairro Ponte Funda &#8211; 01<br \/>\n\u2022 08 -Rua Bonsucesso (Super BH) \u2013 bairro Ponte Funda &#8211; 02<br \/>\n\u2022 09 &#8211; Rua Itapecerica, 2785 \u2013 bairro LP Pereira<br \/>\n\u2022 10 &#8211; Rua Goi\u00e1s, ao lado do n\u00ba. 2825 \u2013 bairro Orion<br \/>\n\u2022 11 &#8211; Alameda Rio Perdido, 219 \u2013 bairro Tiet\u00ea<br \/>\n\u2022 12 &#8211; Alameda Rio Parana\u00edba, 666 \u2013 bairro Tiet\u00ea<br \/>\n\u2022 13 &#8211; Alameda Rio Parana\u00edba, 332 \u2013 bairro Tiet\u00ea<br \/>\n\u2022 14 &#8211; Rua Gess\u00e9 Ferreira, 65 \u2013 bairro Planalto<br \/>\n\u2022 15 &#8211; Rua Santa Cruz, 1412 \u2013 bairro Campina Verde<br \/>\n\u2022 16 &#8211; Rua Domingos Jos\u00e9 Rosa, 1171 \u2013 Casa Nova<br \/>\n\u2022 17 &#8211; Rua Jos\u00e9 Ricardo, 281 \u2013 bairro Quintino<br \/>\n\u2022 18 &#8211; Rua Arcendino Campos, 691 \u2013 Conj. Nilda Barros<br \/>\n\u2022 19 &#8211; Av. Jo\u00e3o Ant\u00f4nio, s\/n \u2013 bairro J.A. Gon\u00e7alves<br \/>\n\u2022 20 &#8211; Rua Joubert Cavaliere Zeza, 341 \u2013 bairro Santos Dumont<br \/>\n\u2022 21 &#8211; Rua Manaus, 620 \u2013 Conjunto Nossa Senhora de Lourdes<br \/>\n\u2022 22 &#8211; Rua Frei Le\u00e3o Rodrigues \u2013 bairro Ant\u00f4nio Fonseca<br \/>\n\u2022 23 &#8211; Rua Artur Bernardes, 101 \u2013 bairro Nova Fortaleza.<\/p>\n","protected":false},"excerpt":{"rendered":"<p>A Prefeitura de Divin\u00f3polis comemora a Semana Nacional de Tr\u00e2nsito, de 18 a 25 de setembro, com o in\u00edcio de importantes investimentos de revitaliza\u00e7\u00e3o na \u00e1rea de tr\u00e2nsito e transporte. A partir desta semana, tem in\u00edcio a execu\u00e7\u00e3o de diversas obras, a\u00e7\u00f5es e servi\u00e7os de revitaliza\u00e7\u00e3o do sistema vi\u00e1rio, conforme anunciado pelo prefeito Vladimir Azevedo. [&hellip;]<\/p>\n","protected":false},"author":1,"featured_media":0,"comment_status":"open","ping_status":"open","sticky":false,"template":"","format":"standard","meta":{"footnotes":""},"categories":[6],"tags":[],"class_list":["post-877","post","type-post","status-publish","format-standard","hentry","category-noticias"],"_links":{"self":[{"href":"https:\/\/www.encontradivinopolis.com.br\/noticias\/wp-json\/wp\/v2\/posts\/877","targetHints":{"allow":["GET"]}}],"collection":[{"href":"https:\/\/www.encontradivinopolis.com.br\/noticias\/wp-json\/wp\/v2\/posts"}],"about":[{"href":"https:\/\/www.encontradivinopolis.com.br\/noticias\/wp-json\/wp\/v2\/types\/post"}],"author":[{"embeddable":true,"href":"https:\/\/www.encontradivinopolis.com.br\/noticias\/wp-json\/wp\/v2\/users\/1"}],"replies":[{"embeddable":true,"href":"https:\/\/www.encontradivinopolis.com.br\/noticias\/wp-json\/wp\/v2\/comments?post=877"}],"version-history":[{"count":1,"href":"https:\/\/www.encontradivinopolis.com.br\/noticias\/wp-json\/wp\/v2\/posts\/877\/revisions"}],"predecessor-version":[{"id":878,"href":"https:\/\/www.encontradivinopolis.com.br\/noticias\/wp-json\/wp\/v2\/posts\/877\/revisions\/878"}],"wp:attachment":[{"href":"https:\/\/www.encontradivinopolis.com.br\/noticias\/wp-json\/wp\/v2\/media?parent=877"}],"wp:term":[{"taxonomy":"category","embeddable":true,"href":"https:\/\/www.encontradivinopolis.com.br\/noticias\/wp-json\/wp\/v2\/categories?post=877"},{"taxonomy":"post_tag","embeddable":true,"href":"https:\/\/www.encontradivinopolis.com.br\/noticias\/wp-json\/wp\/v2\/tags?post=877"}],"curies":[{"name":"wp","href":"https:\/\/api.w.org\/{rel}","templated":true}]}}